{"id":309,"date":"2017-04-16T22:21:02","date_gmt":"2017-04-16T22:21:02","guid":{"rendered":"http:\/\/rosszutak.hu\/uj\/?p=309"},"modified":"2024-09-01T22:26:50","modified_gmt":"2024-09-01T20:26:50","slug":"hazai-palya","status":"publish","type":"post","link":"https:\/\/rosszutak.hu\/uj\/hazai-palya\/","title":{"rendered":"Hazai p\u00e1lya"},"content":{"rendered":"<p>&nbsp;<\/p>\n<p><strong>Hazai P\u00e1lya<\/strong><\/p>\n<p>A k\u00f6zleked\u00e9sbiztons\u00e1ggal is, mint minden m\u00e1s ter\u00fclettel szorosan kapcsol\u00f3d\u00f3 t\u00e9mak\u00f6rr\u0151l, a MIN\u0150S\u00c9GR\u0150L fejtek ki n\u00e9h\u00e1ny gondolatot.<br \/>\nAz aut\u00f3iparban, a g\u00e9piparban nagy er\u0151fesz\u00edt\u00e9seket tesznek a min\u0151s\u00e9g, a min\u0151s\u00e9gbiztos\u00edt\u00e1s \u00e9rdek\u00e9ben, hogy a lehet\u0151 legjobb min\u0151s\u00e9gben ker\u00fcljenek piacra a term\u00e9kek. Sajnos nem minden ter\u00fcleten van ez \u00edgy. A min\u0151s\u00e9g az \u00e9let minden ter\u00fclet\u00e9n jelen van, de nem ugyan olyan fontoss\u00e1got tulajdon\u00edtanak neki! Itt \u00e1lljunk meg egy gondolat erej\u00e9ig. Ha ilyen fontos szerepe van a min\u0151s\u00e9gnek, akkor hat\u00e1rozzuk meg, hogy mi is az a MIN\u0150S\u00c9G? Nagyon fontos, hogy ezzel a fogalommal tiszt\u00e1ban legy\u00fcnk, mert ennek alapj\u00e1n tudjuk eld\u00f6nteni seb\u00e9szi pontoss\u00e1ggal, hogy a term\u00e9k, a szolg\u00e1ltat\u00e1s megfelel\u0151 min\u0151s\u00e9g\u0171-e.<\/p>\n<p><strong>A hiteless\u00e9gemhez<\/strong><\/p>\n<p><img loading=\"lazy\" class=\"size-medium wp-image-1032 aligncenter\" src=\"https:\/\/rosszutak.hu\/uj\/wp-content\/uploads\/2017\/04\/Certificate-001-218x300.jpg\" alt=\"\" width=\"218\" height=\"300\" srcset=\"https:\/\/rosszutak.hu\/uj\/wp-content\/uploads\/2017\/04\/Certificate-001-218x300.jpg 218w, https:\/\/rosszutak.hu\/uj\/wp-content\/uploads\/2017\/04\/Certificate-001-745x1024.jpg 745w, https:\/\/rosszutak.hu\/uj\/wp-content\/uploads\/2017\/04\/Certificate-001-768x1056.jpg 768w, https:\/\/rosszutak.hu\/uj\/wp-content\/uploads\/2017\/04\/Certificate-001-1117x1536.jpg 1117w, https:\/\/rosszutak.hu\/uj\/wp-content\/uploads\/2017\/04\/Certificate-001-1489x2048.jpg 1489w, https:\/\/rosszutak.hu\/uj\/wp-content\/uploads\/2017\/04\/Certificate-001.jpg 1700w\" sizes=\"(max-width: 218px) 100vw, 218px\" \/><\/p>\n<p>Teh\u00e1t: A min\u0151s\u00e9g az elk\u00e9pzel\u00e9s \u00e9s a megval\u00f3s\u00edt\u00e1s k\u00fcl\u00f6nbs\u00e9g\u00e9nek a m\u00e9rt\u00e9ke! (azoknak akik nem j\u00e1ratosak ezen a ter\u00fcleten: Az elk\u00e9pzel\u00e9s a term\u00e9kre, szolg\u00e1ltat\u00e1sokra vonatkoz\u00f3 szerz\u0151d\u00e9sek, a szabv\u00e1nyok, a m\u0171szaki le\u00edr\u00e1sok, rajzdokument\u00e1ci\u00f3k, etalonok szabj\u00e1k meg a min\u0151s\u00e9get. Amennyiben ezekt\u0151l elt\u00e9r\u00e9st tapasztalunk a min\u0151s\u00e9g kifog\u00e1solhat\u00f3. Van jav\u00edthat\u00f3 \u00e9s van jav\u00edthatatlan selejt, de itt m\u00e1r az \u00e1r cs\u00f6kken\u00e9s\u00e9t eredm\u00e9nyezi, ha a megrendel\u0151, vev\u0151 elfogadja a jav\u00edtott term\u00e9ket.<br \/>\nEnnek alapj\u00e1n azt tan\u00e1csolom mindenkinek, hogy keresse az elk\u00e9pzel\u00e9s \u00e9s a megval\u00f3s\u00edt\u00e1s k\u00f6z\u00f6tti k\u00fcl\u00f6nbs\u00e9get, \u00e9s akkor megkapja a MIN\u0150S\u00c9GET!<br \/>\nAz \u00fat\u00e9p\u00edt\u00e9sn\u00e9l sok kifog\u00e1s mer\u00fcl fel az utakkal kapcsolatban. Egy \u00faj \u00fat meg\u00e9p\u00edt\u00e9s\u00e9n\u00e9l<br \/>\naz a v\u00e1llalkoz\u00f3 nyeri el a \u00fat\u00e9p\u00edt\u00e9s lehet\u0151s\u00e9g\u00e9t aki a legalacsonyabb \u00e1rat adja!? M\u00e9g soha nem hallottam, vagy tapasztaltam azt, hogy el\u0151sz\u00f6r meghat\u00e1rozt\u00e1k volna a min\u0151s\u00e9gi k\u00f6vetelm\u00e9nyeket! Ebb\u0151l kell kiindulni \u00e9s szigor\u00faan ellen\u0151rizni, betartatni azt! Ezek ut\u00e1n j\u00f6hetnek az aj\u00e1nlatok, \u00e9s aki a legjobb aj\u00e1nlatot teszi meg nyerje meg a ki\u00edr\u00e1st. Fontos az anyagi r\u00e9sz is a kivitelez\u00e9s hat\u00e1rideje is, de a legfontosabb a MIN\u0150S\u00c9G!<br \/>\nAz aut\u00f3iparban fordultak m\u00e1r el\u0151 min\u0151s\u00e9gi probl\u00e9m\u00e1k, amit a gy\u00e1rt\u00f3 elismert \u00e9s pontosan meghat\u00e1rozt\u00e1k, hogy mely sorsz\u00e1m\u00fa aut\u00f3kat kell visszarendelni. Sok balesetet, \u00e9letet megmentve ezzel. A k\u00f6zleked\u00e9s szerves r\u00e9sze az \u00fat is, ez\u00e9rt sokkal jobban kell figyelni a min\u0151s\u00e9gre. Egy munka,\u00a0egy term\u00e9k, egy szolg\u00e1ltat\u00e1s addig nem tekinthet\u0151 k\u00e9sznek, m\u00e9g a min\u0151s\u00e9g ellen\u0151rz\u00e9s meg nem t\u00f6rt\u00e9nt. Pl. egy szab\u00f3n\u00e1l ha nem vagyunk el\u00e9gedett az elk\u00e9sz\u00edtett term\u00e9kkel, \u00e9s a szab\u00f3 nem tudja a megbesz\u00e9ltek szerint elk\u00e9sz\u00edteni, jogos a kifog\u00e1sunk, a reklam\u00e1l\u00e1sunk! Ebben az esetben mi magunk vagyunk a min\u0151s\u00e9g ellen\u0151r\u00f6k. Az oktat\u00e1sban is figyelj\u00fcnk arra, hogy azt kapjuk-e, ami alapj\u00e1n jelentkezt\u00fcnk az oktat\u00e1sra. A politika sem kiv\u00e9tel, mert a kamp\u00e1nyban sok \u00edg\u00e9retet kapunk, melynek alapj\u00e1n v\u00e1lasztunk, majd kider\u00fcl, hogy a kamp\u00e1ny\u00edg\u00e9retekre r\u00e1 sem lehet ismerni! Az \u00edg\u00e9reteket a fajs\u00falyuk alapj\u00e1n tudjuk eld\u00f6nteni, hogy milyen m\u00e9rt\u00e9kben val\u00f3sultak meg. A nyertes \u00f6sszes kamp\u00e1ny\u00edg\u00e9ret\u00e9b\u0151l 100%-b\u00f3l, h\u00e1ny % val\u00f3sult meg? A fajs\u00falyosabbak a legmeghat\u00e1roz\u00f3bbak, \u00e9s ha a 100%-t\u00f3l &#8211; X%-al elt\u00e9r a program v\u00e1llalni kell a k\u00f6vetkezm\u00e9nyeket! Ez \u00edgy tisztess\u00e9ges, korrekt a v\u00e1laszt\u00f3kkal szemben.<\/p>\n<p>A minap a P\u00e9nzcentrum honlapj\u00e1n tal\u00e1ltam r\u00e1 &#8220;A k\u00e1ty\u00fak tenger\u00e9n&#8221;:horrorisztikus a magyar utak \u00e1llapota cikkre.<\/p>\n<p>A cikkben le\u00edrj\u00e1k az utakat folyamatosan \u00faj\u00edtj\u00e1k fel, ez\u00e9rt a statisztik\u00e1k szerint folyamatosan javul az utak min\u0151s\u00e9ge. Pontos\u00edtani kellene, hogy az utak min\u0151s\u00e9ge alatt mit kell \u00e9rteni? <em><strong>Sok k\u00f6vetelm\u00e9nyek kell megfelelni az utaknak, de a legfontosabbakr\u00f3l m\u00e9g soha nem besz\u00e9ltek! Ez a mozg\u00e1sokra vonatkoz\u00f3 fizikai t\u00f6rv\u00e9nyek! Az utakkal szembeni kifog\u00e1sainkat nyugodtan kiterhejeszthetj\u00fck a vil\u00e1g minden \u00fatj\u00e1ra!<\/strong><\/em> Honlapomon sokszor kifejtettem m\u00e1r ezeket. N\u00e9zz\u00e9k meg milyen k\u00f6vetelm\u00e9nyek sz\u00fcks\u00e9gesek a fizikai t\u00f6rv\u00e9nyek el\u0151\u00edr\u00e1sainak. A Magyar K\u00f6z\u00fat Zrt. K\u00f6zreadta az orsz\u00e1gos k\u00f6z\u00fat h\u00e1l\u00f3zat burkolat\u00e1nak min\u0151s\u00e9ge grafikont (2015-2021) Ez a kimutat\u00e1s is n\u00e9lk\u00fcl\u00f6zi a mozg\u00e1sokra vonatkoz\u00f3 fizikai t\u00f6rv\u00e9nyek k\u00f6vetelm\u00e9nyeit! A mozg\u00e1sokra jellemz\u0151 a sebess\u00e9g \u00e9s a halad\u00e1si ir\u00e1ny (v\u00e1ltoz\u00e1s)! Els\u0151dlegesen ezt kell figyelembe venni! De nem teszik! Az \u00fatfel\u00fcleti hib\u00e1k sok halad\u00e1si ir\u00e1nyv\u00e1ltoz\u00e1s okoz\u00e1s\u00e1t id\u00e9zik el\u0151. M\u00e1s okok is okoznak halad\u00e1si ir\u00e1nyv\u00e1ltoz\u00e1st! Ilyenkor elhagyjuk a forgalmi s\u00e1vunkat, az \u00fatr\u00f3l is sokszor let\u00e9r\u00fcnk. S\u00falyos, hal\u00e1los balesetek k\u00f6vetkeznek be ilyenkor.<\/p>\n<p>Azt \u00edrj\u00e1k, hogy egy k\u00e1ty\u00fa 20-30 eft. k\u00e1rt okoz a kocsiban, de enn\u00e9l is fontosabb, hogy szem\u00e9lyi s\u00e9r\u00fcl\u00e9sekkel j\u00e1r\u00f3 baleseteket is okozhat. A szem\u00e9lyi s\u00e9r\u00fcl\u00e9s lehet k\u00f6nny\u0171, s\u00falyos, vagy hal\u00e1los! Mi a k\u00f6vetkezm\u00e9nye, ha s\u00falyos, vagy hal\u00e1los baleset k\u00f6vetkezett be? Az anyagi k\u00e1r is sz\u00e1m\u00edt, de a szem\u00e9lyi s\u00e9r\u00fcl\u00e9s felbecs\u00fclhetetlen \u00e9rt\u00e9k\u0171!<\/p>\n<p>A Magyar K\u00f6z\u00fat Zrt.-re nagy felel\u0151ss\u00e9g h\u00e1rul, ez\u00e9rt nem \u00e9rtem mi\u00e9rt nem gondolkodtak el azon a k\u00e9rd\u00e9semen, hogy milyen t\u00e9nyez\u0151k \u00e9s k\u00f6r\u00fclm\u00e9nyek alapj\u00e1n hat\u00e1rozt\u00e1k meg a megengedett sebess\u00e9ghat\u00e1rokat?<\/p>\n<p>Kucsera Zolt\u00e1n amat\u0151r kutat\u00f3<\/p>\n","protected":false},"excerpt":{"rendered":"<p>&nbsp; Hazai P\u00e1lya A k\u00f6zleked\u00e9sbiztons\u00e1ggal is, mint minden m\u00e1s ter\u00fclettel szorosan kapcsol\u00f3d\u00f3 t\u00e9mak\u00f6rr\u0151l, a MIN\u0150S\u00c9GR\u0150L fejtek ki n\u00e9h\u00e1ny gondolatot. Az aut\u00f3iparban, a g\u00e9piparban nagy er\u0151fesz\u00edt\u00e9seket tesznek a min\u0151s\u00e9g, a min\u0151s\u00e9gbiztos\u00edt\u00e1s \u00e9rdek\u00e9ben, hogy a lehet\u0151 legjobb min\u0151s\u00e9gben ker\u00fcljenek piacra a term\u00e9kek. Sajnos nem minden ter\u00fcleten van ez \u00edgy. A min\u0151s\u00e9g az \u00e9let minden ter\u00fclet\u00e9n jelen van, [&hellip;]<\/p>\n","protected":false},"author":1,"featured_media":0,"comment_status":"open","ping_status":"open","sticky":false,"template":"","format":"standard","meta":[],"categories":[4,14,11,25,15],"tags":[],"_links":{"self":[{"href":"https:\/\/rosszutak.hu\/uj\/wp-json\/wp\/v2\/posts\/309"}],"collection":[{"href":"https:\/\/rosszutak.hu\/uj\/wp-json\/wp\/v2\/posts"}],"about":[{"href":"https:\/\/rosszutak.hu\/uj\/wp-json\/wp\/v2\/types\/post"}],"author":[{"embeddable":true,"href":"https:\/\/rosszutak.hu\/uj\/wp-json\/wp\/v2\/users\/1"}],"replies":[{"embeddable":true,"href":"https:\/\/rosszutak.hu\/uj\/wp-json\/wp\/v2\/comments?post=309"}],"version-history":[{"count":18,"href":"https:\/\/rosszutak.hu\/uj\/wp-json\/wp\/v2\/posts\/309\/revisions"}],"predecessor-version":[{"id":1468,"href":"https:\/\/rosszutak.hu\/uj\/wp-json\/wp\/v2\/posts\/309\/revisions\/1468"}],"wp:attachment":[{"href":"https:\/\/rosszutak.hu\/uj\/wp-json\/wp\/v2\/media?parent=309"}],"wp:term":[{"taxonomy":"category","embeddable":true,"href":"https:\/\/rosszutak.hu\/uj\/wp-json\/wp\/v2\/categories?post=309"},{"taxonomy":"post_tag","embeddable":true,"href":"https:\/\/rosszutak.hu\/uj\/wp-json\/wp\/v2\/tags?post=309"}],"curies":[{"name":"wp","href":"https:\/\/api.w.org\/{rel}","templated":true}]}}